{"id":979,"date":"2021-07-02T23:44:02","date_gmt":"2021-07-02T21:44:02","guid":{"rendered":"https:\/\/www.nonnyontheroad.de\/?p=979"},"modified":"2021-07-02T23:44:02","modified_gmt":"2021-07-02T21:44:02","slug":"what-a-view","status":"publish","type":"post","link":"https:\/\/www.nonnyontheroad.de\/?p=979","title":{"rendered":"What a view"},"content":{"rendered":"\r\n<p>Jeder braucht im Urlaub etwas anderes, um wieder an Energie und Motivation f\u00fcr den Alltag zu kommen. F\u00fcr mich ist es eine Mischung aus Natur und Bewegung, aber auch gerne mal ein paar Stunden Abschalten und nichts tun. Ende Mai hatte ich freie Tage und brauchte dringend einen Tapetenwechsel. \u00dcber die wundervolle Schwester einer wundervollen Freundin aus der Schule bekam ich die M\u00f6glichkeit, eine fabelhafte Woche in der Schweiz zu verbringen. Ich war bereits einmal in der Schweiz, allerdings war es damals ein Kurztrip in Sachen Fu\u00dfball in der N\u00e4he von Z\u00fcrich und dort stand ich die meiste Zeit beim Training\/Spiel, sodass ich landschaftlich leider in den wenigen Tagen nicht viel gesehen habe. Dies wollte ich aber unbedingt irgendwann nachholen und so kam es, dass ich ziemlich spontan meine Lieblingsreisefreundin \u00fcberredete (was nicht lange dauerte, sie wei\u00df schlie\u00dflich, wie gut und lustig unsere Reisen immer werden \ud83d\ude09 ) und wir in Richtung Verbier aufbrachen. Die Fahrt begann bereits mit viel Lachen, da das Auto so vollgepackt war, als ob wir mindestens vier Wochen zum Zelten in die Wildnis fahren w\u00fcrden. Dass ich meine Koffer grunds\u00e4tzlich zu voll packe, ist wahrscheinlich angeboren und irreparabel, aber ich habe die Hoffnung, dass sich irgendwann der Inhalt meines Koffers auch mal rationalisiert und an die Urlaubstage anpasst. Ein wenig Hoffnung habe ich da noch&#8230;<\/p>\r\n<p>Als wir nach knapp neun Stunden Fahrt in Verbier ankamen, ging gerade die Sonne auf und uns stockte der Atmen: Wie wundersch\u00f6n und idyllisch haben wir es bitte angetroffen? Eigentlich unglaublich m\u00fcde von der Fahrt, waren wir beim Anblick der wei\u00dfen Bergspitzen um uns herum direkt wieder hellwach und konnten die Sch\u00f6nheit der Umgebung nicht glauben. Die wei\u00dfen Bergspitzen wurden von der Sonne in goldenes Licht geh\u00fcllt, das Tal lag in leichtem morgendlichen Tau und die Luft war frisch und klar. Das Chalet lag nicht direkt in dem bekannten Skiort, sondern eher in einem kleinen, aber s\u00fc\u00dfen &#8222;Vorort&#8220;. Wundersch\u00f6ne, f\u00fcr die Schweiz typische Bergh\u00e4uschen, umrandet von bunten Blumenwiesen, K\u00fchen mit ihren Kuhglocken, kleinen W\u00e4ldern und zwischendrin immer wieder kleine Sturzb\u00e4che, die das Schmelzwasser runter ins Tal transportierten. Man kann es gar nicht richtig in Worte fassen, was dieses Fleckchen Erde mir bzw. uns f\u00fcr Energie in diesen sechs Tagen gegeben hat.\u00a0<\/p>\r\n<p>Ich konnte mich bei den Fotos aus dieser Woche nur schwer entscheiden, welches Bild ich f\u00fcr meinen Beitrag hier verwenden wollte. Am Ende habe ich mich aber f\u00fcr den Ausblick entschieden, den ich jeden Morgen erst einmal mit einer Tasse Kaffee auf mich wirken lie\u00df:<\/p>\r\n<figure id=\"attachment_978\" aria-describedby=\"caption-attachment-978\" style=\"width: 544px\" class=\"wp-caption aligncenter\"><a href=\"https:\/\/www.nonnyontheroad.de\/wp-content\/uploads\/2021\/07\/img_3468-scaled.jpg\"><img loading=\"lazy\" decoding=\"async\" class=\" wp-image-978\" src=\"https:\/\/www.nonnyontheroad.de\/wp-content\/uploads\/2021\/07\/img_3468-1024x768.jpg\" alt=\"\" width=\"544\" height=\"408\" srcset=\"https:\/\/www.nonnyontheroad.de\/wp-content\/uploads\/2021\/07\/img_3468-1024x768.jpg 1024w, https:\/\/www.nonnyontheroad.de\/wp-content\/uploads\/2021\/07\/img_3468-300x225.jpg 300w, https:\/\/www.nonnyontheroad.de\/wp-content\/uploads\/2021\/07\/img_3468-768x576.jpg 768w, https:\/\/www.nonnyontheroad.de\/wp-content\/uploads\/2021\/07\/img_3468-1536x1152.jpg 1536w, https:\/\/www.nonnyontheroad.de\/wp-content\/uploads\/2021\/07\/img_3468-2048x1536.jpg 2048w\" sizes=\"auto, (max-width: 544px) 100vw, 544px\" \/><\/a><figcaption id=\"caption-attachment-978\" class=\"wp-caption-text\">Verbier, Val de Bagnes, Mai 2021<\/figcaption><\/figure>\r\n<p>What a view!!! Dieses Bild ist an einem der Nachmittage aufgenommen worden, aber ich kann euch sagen: Dieser Anblick war zu jeder Tageszeit anders. Bezaubernd, atemberaubend, m\u00e4rchenhaft, mystisch, beruhigend, verwunschen, faszinierend&#8230;Ich k\u00f6nnte jetzt noch ein Dutzend mehr dieser Adjektive aufz\u00e4hlen, wie ihr mir sicherlich an meiner Schw\u00e4rmerei noch anmerken k\u00f6nnt \ud83d\ude09\u00a0<\/p>\r\n<p>Ein gro\u00dfes Dankesch\u00f6n geht nochmal an dich, liebe Hannah, f\u00fcr diese tolle M\u00f6glichkeit und dein Vertrauen, uns dein kleines Zuhause f\u00fcr ein paar Tage zu \u00fcberlassen! Wir hoffen, dass wir das richtige Unkraut gezupft haben und die Nachbarskatze nicht zu sehr verschreckt haben (wobei ich glaube, dass wir uns bei ihrem spontanen Besuch auf der Terrasse mehr erschrocken hatten, als sie \ud83d\ude09 ). Merci beaucoup!\u00a0<\/p>\r\n<p>Le temps de se d\u00e9tendre. Endroit merveilleux pour \u00e7a!<\/p>\r\n<p>Saludos,\u00a0<\/p>\r\n<p>eure Nonny\u00a0<\/p>\r\n<p>&nbsp;<\/p>\r\n","protected":false},"excerpt":{"rendered":"<p>Jeder braucht im Urlaub etwas anderes, um wieder an Energie und Motivation f\u00fcr den Alltag zu kommen. F\u00fcr mich ist es eine Mischung aus Natur und Bewegung, aber auch gerne mal ein paar Stunden AbschaltenDetails<\/p>\n","protected":false},"author":2,"featured_media":978,"comment_status":"open","ping_status":"closed","sticky":false,"template":"","format":"standard","meta":{"_exactmetrics_skip_tracking":false,"_exactmetrics_sitenote_active":false,"_exactmetrics_sitenote_note":"","_exactmetrics_sitenote_category":0,"jetpack_post_was_ever_published":false,"_jetpack_newsletter_access":"","_jetpack_dont_email_post_to_subs":false,"_jetpack_newsletter_tier_id":0,"_jetpack_memberships_contains_paywalled_content":false,"_jetpack_memberships_contains_paid_content":false,"footnotes":"","jetpack_publicize_message":"","jetpack_publicize_feature_enabled":true,"jetpack_social_post_already_shared":true,"jetpack_social_options":{"image_generator_settings":{"template":"highway","default_image_id":0,"font":"","enabled":false},"version":2}},"categories":[107,269],"tags":[7,8,279,159,274,277,278,61,270,271,273,272,276,275],"class_list":["post-979","post","type-post","status-publish","format-standard","has-post-thumbnail","hentry","category-europa","category-schweiz","tag-ausblick","tag-auszeit","tag-berg-und-tal","tag-berge","tag-chalet","tag-erholung","tag-mountainview","tag-nonny-on-the-road","tag-schweiz","tag-switzerland","tag-val-de-bagnes","tag-verbier","tag-what-a-view","tag-yogatravelmagic"],"jetpack_publicize_connections":[],"jetpack_featured_media_url":"https:\/\/www.nonnyontheroad.de\/wp-content\/uploads\/2021\/07\/img_3468-scaled.jpg","jetpack_sharing_enabled":true,"jetpack_shortlink":"https:\/\/wp.me\/paAjpJ-fN","jetpack_likes_enabled":true,"_links":{"self":[{"href":"https:\/\/www.nonnyontheroad.de\/index.php?rest_route=\/wp\/v2\/posts\/979","targetHints":{"allow":["GET"]}}],"collection":[{"href":"https:\/\/www.nonnyontheroad.de\/index.php?rest_route=\/wp\/v2\/posts"}],"about":[{"href":"https:\/\/www.nonnyontheroad.de\/index.php?rest_route=\/wp\/v2\/types\/post"}],"author":[{"embeddable":true,"href":"https:\/\/www.nonnyontheroad.de\/index.php?rest_route=\/wp\/v2\/users\/2"}],"replies":[{"embeddable":true,"href":"https:\/\/www.nonnyontheroad.de\/index.php?rest_route=%2Fwp%2Fv2%2Fcomments&post=979"}],"version-history":[{"count":7,"href":"https:\/\/www.nonnyontheroad.de\/index.php?rest_route=\/wp\/v2\/posts\/979\/revisions"}],"predecessor-version":[{"id":988,"href":"https:\/\/www.nonnyontheroad.de\/index.php?rest_route=\/wp\/v2\/posts\/979\/revisions\/988"}],"wp:featuredmedia":[{"embeddable":true,"href":"https:\/\/www.nonnyontheroad.de\/index.php?rest_route=\/wp\/v2\/media\/978"}],"wp:attachment":[{"href":"https:\/\/www.nonnyontheroad.de\/index.php?rest_route=%2Fwp%2Fv2%2Fmedia&parent=979"}],"wp:term":[{"taxonomy":"category","embeddable":true,"href":"https:\/\/www.nonnyontheroad.de\/index.php?rest_route=%2Fwp%2Fv2%2Fcategories&post=979"},{"taxonomy":"post_tag","embeddable":true,"href":"https:\/\/www.nonnyontheroad.de\/index.php?rest_route=%2Fwp%2Fv2%2Ftags&post=979"}],"curies":[{"name":"wp","href":"https:\/\/api.w.org\/{rel}","templated":true}]}}