{"id":1088,"date":"2022-08-25T13:00:22","date_gmt":"2022-08-25T11:00:22","guid":{"rendered":"https:\/\/www.nonnyontheroad.de\/?p=1088"},"modified":"2022-08-25T22:17:41","modified_gmt":"2022-08-25T20:17:41","slug":"momentaufnahme","status":"publish","type":"post","link":"https:\/\/www.nonnyontheroad.de\/?p=1088","title":{"rendered":"Momentaufnahme"},"content":{"rendered":"<p>An einem wundersch\u00f6nen Herbsttag in 2020 ging es f\u00fcr mich und meine Reisebegleitung an den Fu\u00dfe der Zugspitze. Auf den h\u00f6chsten Berg Deutschlands wollten wir an besagtem Tag nicht hoch, allerdings wurde uns ein Besuch des Eibsees empfohlen. Und was soll ich sagen: Wir waren hin und weg von der Sch\u00f6nheit der Natur! Ich wusste teilweise gar nicht, wo ich als erstes hinschauen sollte und an manchen Stellen wollte ich partout nicht weitergehen, weil ich den Ausblick genie\u00dfen wollte. Aber wie lange genie\u00dft man eigentlich? Wie lange braucht man, um einen Moment zu verinnerlichen und abzuspeichern? Was ist daf\u00fcr verantwortlich, dass ein Moment in den K\u00f6pfen bleibt? Ganz klar l\u00e4sst sich das aus meiner Sicht nicht beantworten, aber grunds\u00e4tzlich w\u00fcrde ich sagen, dass man sich meistens viel zu wenig Zeit nimmt, um zu genie\u00dfen. Im Alltag macht man es zu wenig, aber auch auf Reisen versucht man oft, so viel wie m\u00f6glich zu sehen und sprintet von einem Ort zum n\u00e4chsten. Auch ich geh\u00f6re dazu &#8211; ok, sprinten ist keine meiner St\u00e4rken, aber ich eilte auch oftmals von einem Ort zum anderen. Ich denke, ich habe f\u00fcr mich mittlerweile einen guten Weg gefunden, Momente festzuhalten und hetze mich selbst nicht mehr, jedoch steht dem halt eben auch dieser Drang entgegen, neue Orte zu erkunden. Struggle, den ich mir aber ganz klar selbst zuzuschreiben habe \ud83d\ude09<\/p>\n<p>Dadurch, dass der Eibsee ein recht beliebter Hotspot im Zugspitzland ist, waren verst\u00e4ndlicherweise auch ziemlich viele Leute unterwegs. Das ist ja auch immer etwas, was wir v\u00f6llig naiv nicht auf dem Schirm haben und vor Ort immer ganz verwundert sind, dass wir nicht die einzigen Menschen mit der Besuchsidee sind. Auch das lernen wir aber sicherlich irgendwann nochmal \ud83d\ude09 Auf manchen Wegen musste man im G\u00e4nsemarsch gehen, damit man halbwegs gut voran kam. An der Stelle, an der mein heutiges Bild entstand, war es pl\u00f6tzlich jedoch sehr ruhig, sehr idyllisch und wir waren umgeben von wundervollen Farben der Natur. Der See war dort t\u00fcrkis-gr\u00fcn, die Nadelb\u00e4ume dunkelgr\u00fcn und vereinzelt begannen die Bl\u00e4tter der Laubb\u00e4ume bereits die herbstlichen Gelbt\u00f6ne anzunehmen. Dazu der hellblaue Himmel. Sch\u00f6ner h\u00e4tte uns der Eibsee definitiv nicht empfangen k\u00f6nnen. Damit ich den Lensball nicht umsonst mitgeschleppt hatte, holte ich ihn dann an diesem magischen Ort heraus und legte ihn auf den kleinen Felsen. Das, was er einfing, seht ihr im Bild:<\/p>\n<figure id=\"attachment_1090\" align=\"aligncenter\" width=\"525\"><a href=\"https:\/\/www.nonnyontheroad.de\/wp-content\/uploads\/2022\/08\/img_3024.jpg\"><img loading=\"lazy\" decoding=\"async\" src=\"https:\/\/www.nonnyontheroad.de\/wp-content\/uploads\/2022\/08\/img_3024-1024x683.jpg\" class=\"size-large wp-image-1090\" width=\"525\" height=\"350\" alt=\"\" srcset=\"https:\/\/www.nonnyontheroad.de\/wp-content\/uploads\/2022\/08\/img_3024-1024x683.jpg 1024w, https:\/\/www.nonnyontheroad.de\/wp-content\/uploads\/2022\/08\/img_3024-300x200.jpg 300w, https:\/\/www.nonnyontheroad.de\/wp-content\/uploads\/2022\/08\/img_3024-768x512.jpg 768w, https:\/\/www.nonnyontheroad.de\/wp-content\/uploads\/2022\/08\/img_3024-1536x1024.jpg 1536w, https:\/\/www.nonnyontheroad.de\/wp-content\/uploads\/2022\/08\/img_3024.jpg 1620w\" sizes=\"auto, (max-width: 525px) 100vw, 525px\" \/><\/a> Eibsee, Bayern, Oktober 2020<\/figure>\n<p>Viele sagen, dass man mit Fotos die Momente gar nicht festhalten kann. Ich bin der Meinung, dass dies nicht auf alle Fotos zutrifft. Nat\u00fcrlich gibt es Situationen, in denen das Foto nicht das wiederspiegelt, was man vor Ort real gesehen und wahrgenommen hat. Ich denke aber schon, dass es viele kleine Momente gibt, die auch ein vermeintlich starres Bild sehr gut speichern kann. So habe ich zum Beispiel bei diesem Bild immer wieder im Kopf, welch ein Wechsel zwischen Hektik und Ruhe es war, bevor es zu diesem Bild kam. Ich denke sozusagen nicht nur an die Stille des Momentes, sondern auch an die Minuten davor bzw. danach, denn dieses Bild erinnert mich an sie&#8230; \ud83d\ude42 Oder was denkt ihr?<\/p>\n<p>Saludos,<\/p>\n<p>Nonny<\/p>\n<p>&nbsp;<\/p>\n","protected":false},"excerpt":{"rendered":"<p>An einem wundersch\u00f6nen Herbsttag in 2020 ging es f\u00fcr mich und meine Reisebegleitung an den Fu\u00dfe der Zugspitze. Auf den h\u00f6chsten Berg Deutschlands wollten wir an besagtem Tag nicht hoch, allerdings wurde uns ein BesuchDetails<\/p>\n","protected":false},"author":2,"featured_media":1090,"comment_status":"open","ping_status":"closed","sticky":false,"template":"","format":"standard","meta":{"_exactmetrics_skip_tracking":false,"_exactmetrics_sitenote_active":false,"_exactmetrics_sitenote_note":"","_exactmetrics_sitenote_category":0,"jetpack_post_was_ever_published":false,"_jetpack_newsletter_access":"","_jetpack_dont_email_post_to_subs":false,"_jetpack_newsletter_tier_id":0,"_jetpack_memberships_contains_paywalled_content":false,"_jetpack_memberships_contains_paid_content":false,"footnotes":"","jetpack_publicize_message":"","jetpack_publicize_feature_enabled":true,"jetpack_social_post_already_shared":true,"jetpack_social_options":{"image_generator_settings":{"template":"highway","default_image_id":0,"font":"","enabled":false},"version":2}},"categories":[229,107],"tags":[235,236,237,211,32,202,55,61,300,239],"class_list":["post-1088","post","type-post","status-publish","format-standard","has-post-thumbnail","hentry","category-deutschland","category-europa","tag-allgaeu","tag-bayern","tag-eibsee","tag-farbenfroh","tag-fotoblog","tag-lensball","tag-momentaufnahme","tag-nonny-on-the-road","tag-ort-der-stille","tag-zugspitzland"],"jetpack_publicize_connections":[],"jetpack_featured_media_url":"https:\/\/www.nonnyontheroad.de\/wp-content\/uploads\/2022\/08\/img_3024.jpg","jetpack_sharing_enabled":true,"jetpack_shortlink":"https:\/\/wp.me\/paAjpJ-hy","jetpack_likes_enabled":true,"_links":{"self":[{"href":"https:\/\/www.nonnyontheroad.de\/index.php?rest_route=\/wp\/v2\/posts\/1088","targetHints":{"allow":["GET"]}}],"collection":[{"href":"https:\/\/www.nonnyontheroad.de\/index.php?rest_route=\/wp\/v2\/posts"}],"about":[{"href":"https:\/\/www.nonnyontheroad.de\/index.php?rest_route=\/wp\/v2\/types\/post"}],"author":[{"embeddable":true,"href":"https:\/\/www.nonnyontheroad.de\/index.php?rest_route=\/wp\/v2\/users\/2"}],"replies":[{"embeddable":true,"href":"https:\/\/www.nonnyontheroad.de\/index.php?rest_route=%2Fwp%2Fv2%2Fcomments&post=1088"}],"version-history":[{"count":6,"href":"https:\/\/www.nonnyontheroad.de\/index.php?rest_route=\/wp\/v2\/posts\/1088\/revisions"}],"predecessor-version":[{"id":1095,"href":"https:\/\/www.nonnyontheroad.de\/index.php?rest_route=\/wp\/v2\/posts\/1088\/revisions\/1095"}],"wp:featuredmedia":[{"embeddable":true,"href":"https:\/\/www.nonnyontheroad.de\/index.php?rest_route=\/wp\/v2\/media\/1090"}],"wp:attachment":[{"href":"https:\/\/www.nonnyontheroad.de\/index.php?rest_route=%2Fwp%2Fv2%2Fmedia&parent=1088"}],"wp:term":[{"taxonomy":"category","embeddable":true,"href":"https:\/\/www.nonnyontheroad.de\/index.php?rest_route=%2Fwp%2Fv2%2Fcategories&post=1088"},{"taxonomy":"post_tag","embeddable":true,"href":"https:\/\/www.nonnyontheroad.de\/index.php?rest_route=%2Fwp%2Fv2%2Ftags&post=1088"}],"curies":[{"name":"wp","href":"https:\/\/api.w.org\/{rel}","templated":true}]}}